{"id":4931,"date":"2026-04-18T19:53:58","date_gmt":"2026-04-18T17:53:58","guid":{"rendered":"https:\/\/archiviodistatodimassa.cultura.gov.it\/?p=4931"},"modified":"2026-04-18T21:43:07","modified_gmt":"2026-04-18T19:43:07","slug":"140-anni-di-guglielmi","status":"publish","type":"post","link":"https:\/\/archiviodistatodimassa.cultura.gov.it\/?p=4931","title":{"rendered":"Mostra &#8220;140 ANNI DI GUGLIELMI&#8221;"},"content":{"rendered":"<p><strong>Dal 17 aprile al 10 maggio 2026<\/strong><br \/>\n<span style=\"font-size: 16px;\">Archivio di Stato di Massa, via Giovanni Sforza n.3.<\/span><\/p>\n<p><em><span style=\"font-size: 16px;\">Orario di apertura: Luned\u00ec, mercoled\u00ec e venerd\u00ec: 8:30 \u2013 13:30; Marted\u00ec e gioved\u00ec: 8:30 \u2013 17:00.<\/span><\/em><br \/>\n<em><span style=\"font-size: 16px;\">Ingresso libero. Visite guidate su richiesta.<\/span><\/em><br \/>\n<em><span style=\"font-size: 16px;\">Contatti: as-ms@cultura.gov.it; tel. 0585 41684<\/span><\/em><\/p>\n<p><span style=\"font-family: georgia, palatino, serif;\">La mostra svela i retroscena della nascita del Guglielmi, esponendo documenti che illustrano le origini<span style=\"font-family: Georgia, 'Times New Roman', 'Bitstream Charter', Times, serif;\">\u00a0<\/span>del nome, la partecipazione cittadina con il Registro delle sottoscrizioni, le lettere dell\u2019architetto Micheli<span style=\"font-family: Georgia, 'Times New Roman', 'Bitstream Charter', Times, serif;\">\u00a0<\/span>e perizie dei tecnici comunali, ma non mancano anche le fotografie dei primi del Novecento.<span style=\"font-family: Georgia, 'Times New Roman', 'Bitstream Charter', Times, serif;\">\u00a0<\/span>L\u2019esposizione invita il pubblico a riscoprire il Teatro non solo come tempio dello spettacolo, ma come<span style=\"font-family: Georgia, 'Times New Roman', 'Bitstream Charter', Times, serif;\">\u00a0<\/span>cuore pulsante e specchio dell&#8217;evoluzione sociale di Massa. Un percorso che attraversa un secolo e mezzo di storia, cultura e vita civile della citt\u00e0 di Massa e del suo<\/span> <span style=\"font-family: georgia, palatino, serif;\">territorio, ricostruito grazie alla valorizzazione delle testimonianze documentarie dell&#8217;Archivio Storico del<\/span> <span style=\"font-family: georgia, palatino, serif;\">Comune di Massa e alla presentazione di una selezione di immagini, fotografie e locandine provenienti<\/span> <span style=\"font-family: georgia, palatino, serif;\">dalla Donazione Renzo Nicolini, recentemente acquisita dall&#8217;Archivio di Stato.<\/span><\/p>\n<p style=\"text-align: justify;\"><span style=\"font-family: georgia, palatino, serif;\">L\u2019esposizione \u00e8 il frutto di una stretta collaborazione tra l\u2019Archivio di Stato di Massa, il Comune di Massa,<\/span>\u00a0<span style=\"font-family: georgia, palatino, serif;\">la Deputazione di Storia Patria per le Antiche Provincie Modenesi (sez. Massa e Carrara) e la Biblioteca<\/span>\u00a0<span style=\"font-family: georgia, palatino, serif;\">Civica S. Giampaoli.<\/span><\/p>\n<p>&nbsp;<\/p>\n<p>\n        <section class=\"mt-4 mb-3 image-content italiawp2-img aligncenter\">\n            <figure class=\"m-0 p-3 u-background-grey-60\">\n                <img src=\"https:\/\/archiviodistatodimassa.cultura.gov.it\/wp-content\/uploads\/2026\/04\/Locandina_140_Guglielmi-724x1024.jpg\" class=\"u-sizeFull\" alt=\"\">\n                <figcaption>\n                    <p><\/p>\n                <\/figcaption>\n            <\/figure><\/section><\/p>\n","protected":false},"excerpt":{"rendered":"<p>Dal 17 aprile al 10 maggio 2026 &#8211; <\/p>\n<p>Ingresso libero. Visite guidate su richiesta.<\/p>\n","protected":false},"author":4,"featured_media":4934,"comment_status":"open","ping_status":"open","sticky":false,"template":"","format":"standard","meta":{"footnotes":""},"categories":[32],"tags":[151,49,150],"class_list":["post-4931","post","type-post","status-publish","format-standard","has-post-thumbnail","hentry","category-evento","tag-guglielmi","tag-mostra-archivio-di-stato-di-massa","tag-teatro"],"_links":{"self":[{"href":"https:\/\/archiviodistatodimassa.cultura.gov.it\/index.php?rest_route=\/wp\/v2\/posts\/4931","targetHints":{"allow":["GET"]}}],"collection":[{"href":"https:\/\/archiviodistatodimassa.cultura.gov.it\/index.php?rest_route=\/wp\/v2\/posts"}],"about":[{"href":"https:\/\/archiviodistatodimassa.cultura.gov.it\/index.php?rest_route=\/wp\/v2\/types\/post"}],"author":[{"embeddable":true,"href":"https:\/\/archiviodistatodimassa.cultura.gov.it\/index.php?rest_route=\/wp\/v2\/users\/4"}],"replies":[{"embeddable":true,"href":"https:\/\/archiviodistatodimassa.cultura.gov.it\/index.php?rest_route=%2Fwp%2Fv2%2Fcomments&post=4931"}],"version-history":[{"count":25,"href":"https:\/\/archiviodistatodimassa.cultura.gov.it\/index.php?rest_route=\/wp\/v2\/posts\/4931\/revisions"}],"predecessor-version":[{"id":4943,"href":"https:\/\/archiviodistatodimassa.cultura.gov.it\/index.php?rest_route=\/wp\/v2\/posts\/4931\/revisions\/4943"}],"wp:featuredmedia":[{"embeddable":true,"href":"https:\/\/archiviodistatodimassa.cultura.gov.it\/index.php?rest_route=\/wp\/v2\/media\/4934"}],"wp:attachment":[{"href":"https:\/\/archiviodistatodimassa.cultura.gov.it\/index.php?rest_route=%2Fwp%2Fv2%2Fmedia&parent=4931"}],"wp:term":[{"taxonomy":"category","embeddable":true,"href":"https:\/\/archiviodistatodimassa.cultura.gov.it\/index.php?rest_route=%2Fwp%2Fv2%2Fcategories&post=4931"},{"taxonomy":"post_tag","embeddable":true,"href":"https:\/\/archiviodistatodimassa.cultura.gov.it\/index.php?rest_route=%2Fwp%2Fv2%2Ftags&post=4931"}],"curies":[{"name":"wp","href":"https:\/\/api.w.org\/{rel}","templated":true}]}}